{"id":323,"date":"2025-02-03T12:27:20","date_gmt":"2025-02-03T11:27:20","guid":{"rendered":"https:\/\/www.internationaler-konvent-frankfurt.de\/blog\/?p=323"},"modified":"2025-02-11T17:42:17","modified_gmt":"2025-02-11T16:42:17","slug":"1700-jahre-nicaenum-ein-besonderes-jubilaeum-und-unsere-beteiligung-am-dankgottesdienst-im-frankfurter-dom","status":"publish","type":"post","link":"https:\/\/www.internationaler-konvent-frankfurt.de\/blog\/2025\/02\/03\/1700-jahre-nicaenum-ein-besonderes-jubilaeum-und-unsere-beteiligung-am-dankgottesdienst-im-frankfurter-dom\/","title":{"rendered":"1700 Jahre Nic\u00e4num \u2013 Ein besonderes Jubil\u00e4um und unsere Beteiligung am Dankgottesdienst im Frankfurter Dom"},"content":{"rendered":"\n<p>Im Jahr 2025 j\u00e4hrt sich das Erste \u00d6kumenische Konzil von Niz\u00e4a zum 1700. Mal. Mit seinen Beschl\u00fcssen, insbesondere dem sogenannten \u201eNic\u00e4nischen Glaubensbekenntnis\u201c, hat dieses Konzil im Jahr 325 wesentliche Grundlagen unseres christlichen Glaubens gelegt. Die Arbeitsgemeinschaft Christlicher Kirchen in Deutschland (ACK), deren Mitglied wir als <em>Internationaler Konvent christlicher Gemeinden Rhein-Main<\/em> sind, nimmt dieses Jubil\u00e4um zum Anlass, in vielf\u00e4ltiger Weise an die bleibende Bedeutung des Konzils von Niz\u00e4a zu erinnern.<\/p>\n\n\n\n<figure class=\"wp-block-image size-full\"><img loading=\"lazy\" decoding=\"async\" width=\"531\" height=\"750\" src=\"https:\/\/www.internationaler-konvent-frankfurt.de\/blog\/wp-content\/uploads\/2025\/02\/csm_Nizaea-Ikone_a65ed8f84c.jpg\" alt=\"\" class=\"wp-image-324\" srcset=\"https:\/\/www.internationaler-konvent-frankfurt.de\/blog\/wp-content\/uploads\/2025\/02\/csm_Nizaea-Ikone_a65ed8f84c.jpg 531w, https:\/\/www.internationaler-konvent-frankfurt.de\/blog\/wp-content\/uploads\/2025\/02\/csm_Nizaea-Ikone_a65ed8f84c-212x300.jpg 212w\" sizes=\"auto, (max-width: 531px) 100vw, 531px\" \/><\/figure>\n\n\n\n<p><\/p>\n\n\n\n<p><\/p>\n\n\n\n<hr class=\"wp-block-separator has-alpha-channel-opacity\"\/>\n\n\n\n<p class=\"has-medium-font-size\">Jubil\u00e4umsjahr und Veranstaltungen der ACK<\/p>\n\n\n\n<p>Die ACK in Deutschland hat ein umfangreiches Programm konzipiert, um diesen Meilenstein der Kirchengeschichte zu w\u00fcrdigen. Vom <strong>6. bis 8. M\u00e4rz 2025<\/strong> findet in Frankfurt am Main eine \u00f6kumenische Tagung zum Konzil von Niz\u00e4a statt. Dieser wissenschaftliche und interkonfessionelle Austausch wird von der katholischen und der evangelischen Akademie gemeinsam mit dem Deutschen \u00d6kumenischen Studienausschuss der ACK veranstaltet.<\/p>\n\n\n\n<hr class=\"wp-block-separator has-alpha-channel-opacity\"\/>\n\n\n\n<p class=\"has-medium-font-size\">Dankgottesdienst im Frankfurter Dom<\/p>\n\n\n\n<p>Obgleich wir als <em>Internationaler Konvent christlicher Gemeinden Rhein-Main<\/em> nicht aktiv an der Tagung teilnehmen, werden wir uns <strong>am feierlichen Dankgottesdienst<\/strong> im Rahmen dieses Jubil\u00e4ums beteiligen und freuen uns, gemeinsam mit den anderen Mitgliedskirchen der ACK ein Zeichen der Einheit zu setzen.<\/p>\n\n\n\n<p>Der Gottesdienst findet statt:<\/p>\n\n\n\n<ul class=\"wp-block-list\">\n<li><strong>Datum<\/strong>: Samstag, 08. M\u00e4rz 2025<\/li>\n\n\n\n<li><strong>Uhrzeit<\/strong>: 14.00 Uhr<\/li>\n\n\n\n<li><strong>Ort<\/strong>: Frankfurter Dom<\/li>\n<\/ul>\n\n\n\n<p>Hier feiern Christen unterschiedlichster Traditionen gemeinsam das, was uns seit Jahrhunderten verbindet: der Glaube an den dreieinigen Gott, wie er im Nic\u00e4nischen Glaubensbekenntnis niedergeschrieben ist. In Gebet und Liturgie wird an die wegweisende Rolle des Konzils von Niz\u00e4a erinnert.<\/p>\n\n\n\n<hr class=\"wp-block-separator has-alpha-channel-opacity\"\/>\n\n\n\n<p class=\"has-medium-font-size\">Warum das Konzil von Niz\u00e4a noch heute wichtig ist<\/p>\n\n\n\n<p>Das Nic\u00e4num geh\u00f6rt zu den \u00e4ltesten und am weitesten verbreiteten Bekenntnissen. Es ist eine grundlegende Basis, auf der viele Konfessionen ihren Glauben weiterentwickelt haben.<\/p>\n\n\n\n<p>Die Formulierungen von 325 erinnern uns daran, wie verbindend gemeinsame theologische \u00dcberzeugungen sein k\u00f6nnen. Gerade heute, wo das Miteinander unterschiedlicher Kirchen wichtiger denn je ist, kann uns dieser Ursprung neu inspirieren.<\/p>\n\n\n\n<p>Indem wir uns unsere Wurzeln vergegenw\u00e4rtigen, k\u00f6nnen wir Glaubensfragen und kirchliche Identit\u00e4ten im Kontext der Gegenwart reflektieren \u2013 und zuk\u00fcnftige Generationen einladen, sich auch mit den Anf\u00e4ngen der Kirche zu befassen.<\/p>\n\n\n\n<p><\/p>\n\n\n\n<p>Wir sind als <em>Internationaler Konvent christlicher Gemeinden Rhein-Main<\/em> Mitglied der ACK und begreifen unsere Beteiligung am Dankgottesdienst als Zeichen unserer Verbundenheit mit allen, die in Frankfurt und dar\u00fcber hinaus christlichen Glauben leben und bezeugen.<\/p>\n\n\n\n<p><strong>Vielfalt in Einheit<\/strong>: Unsere Mitgliedsgemeinden bringen unterschiedliche Sprachen, kulturelle Hintergr\u00fcnde und liturgische Traditionen zusammen.<\/p>\n\n\n\n<p><strong>\u00d6kumenische Zusammenarbeit<\/strong>: Wir wollen Br\u00fccken bauen zwischen den verschiedenen Gemeinden und Menschen im Rhein-Main-Gebiet \u2013 die 1700-Jahr-Feier des Nic\u00e4nums bietet daf\u00fcr eine hervorragende Gelegenheit.<\/p>\n\n\n\n<ul class=\"wp-block-list\"><\/ul>\n\n\n\n<p>Wir sind \u00fcberzeugt, dass dieser gemeinsame Gottesdienst ein lebendiger Ausdruck daf\u00fcr sein wird, wie uns das Erbe von Niz\u00e4a bis heute verbindet. Die theologische Vertiefung geschieht in den Tagen zuvor durch die Tagung der ACK, und wir freuen uns, mit unserer aktiven Teilnahme am Gottesdienst einen wichtigen Beitrag zum Gesamtprogramm zu leisten.<\/p>\n\n\n\n<hr class=\"wp-block-separator has-alpha-channel-opacity\"\/>\n\n\n\n<p>Wir laden alle Mitglieder unserer Gemeinden, alle Christen und Interessierten herzlich dazu ein, am Dankgottesdienst im Frankfurter Dom teilzunehmen \u2013 sei es, um den Glauben gemeinsam zu feiern, um mehr \u00fcber die \u00f6kumenischen Anliegen zu erfahren oder um Gemeinschaft \u00fcber Konfessionsgrenzen hinweg zu erleben.<\/p>\n\n\n\n<p><strong>Merken Sie sich also schon jetzt den Termin vor<\/strong> und begleiten Sie uns auf diesem Weg, das bedeutende Jubil\u00e4um \u201e1700 Jahre Nic\u00e4num\u201c geb\u00fchrend zu feiern.<\/p>\n\n\n\n<p>Wir freuen uns darauf, viele von Ihnen dort zu treffen und gemeinsam die Einheit im Glauben zu bezeugen.<\/p>\n\n\n\n<p><\/p>\n\n\n\n<p>Weitere Informationen: <a href=\"https:\/\/ack-frankfurt.de\/db\/8095773\/Termine\/Jubilaeum-1700-Jahre-Nicaenum\" target=\"_blank\" rel=\"noreferrer noopener\">Jubil\u00e4um 1700 Jahre Nic\u00e4num &#8211; Extern: ACK Frankfurt<\/a><\/p>\n","protected":false},"excerpt":{"rendered":"<p>Im Jahr 2025 j\u00e4hrt sich das Erste \u00d6kumenische Konzil von Niz\u00e4a zum 1700. Mal. Mit seinen Beschl\u00fcssen, insbesondere dem sogenannten \u201eNic\u00e4nischen Glaubensbekenntnis\u201c, hat dieses Konzil im Jahr 325 wesentliche Grundlagen unseres christlichen Glaubens gelegt. Die Arbeitsgemeinschaft Christlicher Kirchen in Deutschland (ACK), deren Mitglied wir als Internationaler Konvent christlicher Gemeinden Rhein-Main sind, nimmt dieses Jubil\u00e4um zum [&hellip;]<\/p>\n","protected":false},"author":1,"featured_media":0,"comment_status":"open","ping_status":"open","sticky":false,"template":"","format":"standard","meta":{"footnotes":""},"categories":[1],"tags":[41,48,43,52,44,42,53,49,54,45,50,51,47,46],"class_list":["post-323","post","type-post","status-publish","format-standard","hentry","category-allgemein","tag-1700-jahr-jubilaeum","tag-ack","tag-christentum","tag-dankgottesdienst","tag-erstes-oekumenisches-konzil","tag-frankfurter-dom","tag-glaubensbekenntnis","tag-internationaler-konvent-christlicher-gemeinden-rhein-main","tag-kircheneinheit","tag-nicaenum","tag-nizaea","tag-oekumene","tag-tagung","tag-trinitaet"],"_links":{"self":[{"href":"https:\/\/www.internationaler-konvent-frankfurt.de\/blog\/wp-json\/wp\/v2\/posts\/323","targetHints":{"allow":["GET"]}}],"collection":[{"href":"https:\/\/www.internationaler-konvent-frankfurt.de\/blog\/wp-json\/wp\/v2\/posts"}],"about":[{"href":"https:\/\/www.internationaler-konvent-frankfurt.de\/blog\/wp-json\/wp\/v2\/types\/post"}],"author":[{"embeddable":true,"href":"https:\/\/www.internationaler-konvent-frankfurt.de\/blog\/wp-json\/wp\/v2\/users\/1"}],"replies":[{"embeddable":true,"href":"https:\/\/www.internationaler-konvent-frankfurt.de\/blog\/wp-json\/wp\/v2\/comments?post=323"}],"version-history":[{"count":13,"href":"https:\/\/www.internationaler-konvent-frankfurt.de\/blog\/wp-json\/wp\/v2\/posts\/323\/revisions"}],"predecessor-version":[{"id":337,"href":"https:\/\/www.internationaler-konvent-frankfurt.de\/blog\/wp-json\/wp\/v2\/posts\/323\/revisions\/337"}],"wp:attachment":[{"href":"https:\/\/www.internationaler-konvent-frankfurt.de\/blog\/wp-json\/wp\/v2\/media?parent=323"}],"wp:term":[{"taxonomy":"category","embeddable":true,"href":"https:\/\/www.internationaler-konvent-frankfurt.de\/blog\/wp-json\/wp\/v2\/categories?post=323"},{"taxonomy":"post_tag","embeddable":true,"href":"https:\/\/www.internationaler-konvent-frankfurt.de\/blog\/wp-json\/wp\/v2\/tags?post=323"}],"curies":[{"name":"wp","href":"https:\/\/api.w.org\/{rel}","templated":true}]}}